{"id":264708,"date":"2026-07-15T17:22:37","date_gmt":"2026-07-15T15:22:37","guid":{"rendered":"https:\/\/othal.de\/?p=264708"},"modified":"2026-08-28T10:30:59","modified_gmt":"2026-08-28T08:30:59","slug":"akce-s-vysvedcenim-k-zahajeni-prazdnin","status":"publish","type":"post","link":"https:\/\/othal.de\/cs\/akce-s-vysvedcenim-k-zahajeni-prazdnin\/","title":{"rendered":"Akce s vysv\u011bd\u010den\u00edm k zah\u00e1jen\u00ed pr\u00e1zdnin"},"content":{"rendered":"<p>[et_pb_section fb_built=&#8220;1&#8243; admin_label=&#8220;section&#8220; _builder_version=&#8220;4.27.5&#8243; custom_margin=&#8220;0px||||false|false&#8220; global_colors_info=&#8220;{}&#8220; theme_builder_area=&#8220;post_content&#8220;][et_pb_row admin_label=&#8220;\u0158\u00e1dek&#8220; _builder_version=&#8220;4.27.5&#8243; background_size=&#8220;initial&#8220; background_position=&#8220;top_left&#8220; background_repeat=&#8220;repeat&#8220; width=&#8220;100%&#8220; min_height=&#8220;1281px&#8220; custom_padding=&#8220;|||0px||&#8220; global_colors_info=&#8220;{}&#8220; theme_builder_area=&#8220;post_content&#8220;][et_pb_column type=&#8220;4_4&#8243; _builder_version=&#8220;4.16&#8243; custom_padding=&#8220;|||&#8220; global_colors_info=&#8220;{}&#8220; custom_padding__hover=&#8220;|||&#8220; theme_builder_area=&#8220;post_content&#8220;][et_pb_text admin_label=&#8220;Text&#8220; _builder_version=&#8220;4.27.6&#8243; background_size=&#8220;initial&#8220; background_position=&#8220;top_left&#8220; background_repeat=&#8220;repeat&#8220; min_height=&#8220;922px&#8220; custom_margin=&#8220;-83px||||false|false&#8220; global_colors_info=&#8220;{}&#8220; theme_builder_area=&#8220;post_content&#8220;]<!-- divi:paragraph {\"fontSize\":\"medium\"} --><!-- \/divi:paragraph --><!-- divi:paragraph {\"fontSize\":\"medium\"} --><\/p>\n<p data-start=\"92\" data-end=\"156\">\u00a0Die Sommerferien sind bereits in vollem Gange \u2013 und bei uns am Fichtelberg wird es garantiert nicht langweilig! Um eure Ferienzeit noch aufregender zu machen, haben wir <b data-path-to-node=\"3\" data-index-in-node=\"169\">vier geniale Aktionswochen<\/b> mit exklusiven Angeboten f\u00fcr die ganze Familie vorbereitet.<\/p>\n<p data-path-to-node=\"4\">Egal ob Action, Entspannung oder Entdeckerspa\u00df \u2013 schnappt euch eure Liebsten und erlebt unvergessliche Tage. Hier sind unsere Ferien-Highlights auf einen Blick:<\/p>\n<h3 data-path-to-node=\"8\"><span style=\"font-size: large;\">16.\u201319. Juli | Flyline-Familydays<\/span><\/h3>\n<ul>\n<li>\n<p data-path-to-node=\"6,0,0\"><b data-path-to-node=\"6,0,0\" data-index-in-node=\"0\">Das Angebot:<\/b> Kinder bis 15 Jahre, ab 20kg fliegen zum halben Preis!<\/p>\n<\/li>\n<li>\n<p data-path-to-node=\"6,1,0\"><b data-path-to-node=\"6,1,0\" data-index-in-node=\"0\">Das Erlebnis:<\/b> Mit der Vierersessellift oder Schwebebahn geht es hinauf auf den Fichtelberg, bevor ihr nahezu lautlos durch die Baumwipfel ins Tal gleitet.<\/p>\n<\/li>\n<li>\n<p data-path-to-node=\"6,2,0\"><i data-path-to-node=\"6,2,0\" data-index-in-node=\"0\">Hinweis:<\/i> Die Flyline f\u00e4hrt nur bei trockenem Wetter.<\/p>\n<\/li>\n<\/ul>\n<h3 data-path-to-node=\"12\"><span style=\"font-size: large;\"><span>23.\u201326. Juli | Jump-Special<\/span><\/span><\/h3>\n<ul data-path-to-node=\"13\">\n<li><b data-path-to-node=\"8,0,0\" data-index-in-node=\"0\">Das Angebot:<\/b> Doppelte Sprungzeit! Aus 30 Minuten werden 60 Minuten.<\/li>\n<li>\n<p data-path-to-node=\"8,1,0\"><b data-path-to-node=\"8,1,0\" data-index-in-node=\"0\">Das Erlebnis:<\/b> Tobt euch auf Trampolinen, dem Riesen-Airbag und weiteren Elementen so richtig aus \u2013 ganz ohne Aufpreis.<\/p>\n<\/li>\n<\/ul>\n<h3 data-path-to-node=\"12\"><span style=\"font-size: large;\"><span>27. Juli \u2013 2. August <\/span><\/span><span style=\"font-size: large;\"><span>| Abenteuer-Entdeckertage<\/span><\/span><\/h3>\n<ul>\n<li>\n<p data-path-to-node=\"10,0,0\"><b data-path-to-node=\"10,0,0\" data-index-in-node=\"0\">Das Angebot:<\/b> Ein cooler, exklusiver OTHAL-Beutel gratis!<\/p>\n<\/li>\n<li>\n<p data-path-to-node=\"10,1,0\"><b data-path-to-node=\"10,1,0\" data-index-in-node=\"0\">Das Erlebnis:<\/b> Erkundet unseren neuen Abenteuerweg. Zur Murmel und der Schatzkarte schenken wir euch in dieser Woche den passenden Beutel dazu.<\/p>\n<\/li>\n<\/ul>\n<h3 data-path-to-node=\"12\"><span style=\"font-size: large;\"><span>3.\u20137. August | Coaster-Bonuswoche<\/span><\/span><\/h3>\n<ul data-path-to-node=\"12\">\n<li>\n<p data-path-to-node=\"12,0,0\"><b data-path-to-node=\"12,0,0\" data-index-in-node=\"0\">Das Angebot:<\/b> 4 Fahrten genie\u00dfen, aber nur 3 bezahlen (4-f\u00fcr-3)!<\/p>\n<\/li>\n<li>\n<p data-path-to-node=\"12,1,0\"><b data-path-to-node=\"12,1,0\" data-index-in-node=\"0\">Das Erlebnis:<\/b> Der O&#8217;THAL Coaster sorgt mit Wellen, Kurven und Kreiseln f\u00fcr jede Menge Speed und Spa\u00df \u2013 bei jedem Wetter.<\/p>\n<\/li>\n<li>\n<p data-path-to-node=\"12,2,0\"><i data-path-to-node=\"12,2,0\" data-index-in-node=\"0\">Wichtig:<\/i> Dieses Angebot gibt es <b data-path-to-node=\"12,2,0\" data-index-in-node=\"32\">ausschlie\u00dflich direkt an unserer Kasse vor Ort<\/b>.<\/p>\n<\/li>\n<\/ul>\n<p data-path-to-node=\"14\"><b data-path-to-node=\"14\" data-index-in-node=\"0\">Wichtig:<\/b> Alle Aktionen gelten jeweils nur im genannten Zeitraum.<\/p>\n<p data-path-to-node=\"15\"><span>Kommt vorbei und erlebt die schulfreie Zeit voller Action und Spa\u00df auf dem Fichtelberg. Wir freuen uns darauf, euch bei uns in der OTHAL Erlebnisregion zu begr\u00fc\u00dfen, und w\u00fcnschen allen kleinen und gro\u00dfen Entdeckern weiterhin eine fantastische und erlebnisreiche Sommerzeit!<\/span><\/p>\n<p>&nbsp;<\/p>\n<p>&nbsp;<\/p>\n<p>&nbsp;<\/p>\n<p>&nbsp;<\/p>\n<p>&nbsp;<\/p>\n<p>&nbsp;<\/p>\n<p>&nbsp;<\/p>\n<p>&nbsp;<\/p>\n<p><!-- \/divi:paragraph -->[\/et_pb_text][\/et_pb_column][\/et_pb_row][\/et_pb_section]<\/p>\n<span class=\"et_bloom_bottom_trigger\"><\/span>","protected":false},"excerpt":{"rendered":"<p>\u00a0Die Sommerferien sind bereits in vollem Gange \u2013 und bei uns am Fichtelberg wird es garantiert nicht langweilig! Um eure Ferienzeit noch aufregender zu machen, haben wir vier geniale Aktionswochen mit exklusiven Angeboten f\u00fcr die ganze Familie vorbereitet. Egal ob Action, Entspannung oder Entdeckerspa\u00df \u2013 schnappt euch eure Liebsten und erlebt unvergessliche Tage. Hier sind [&hellip;]<\/p>\n","protected":false},"author":11,"featured_media":264721,"comment_status":"closed","ping_status":"closed","sticky":false,"template":"","format":"standard","meta":{"_acf_changed":false,"_et_pb_use_builder":"on","_et_pb_old_content":"","_et_gb_content_width":"","inline_featured_image":false,"footnotes":""},"categories":[72,73],"tags":[26,88,174,171,97,20,94,173,172],"class_list":["post-264708","post","type-post","status-publish","format-standard","has-post-thumbnail","hentry","category-novinky","category-leto","tag-coaster","tag-jizdy-zdarma","tag-letni-prazdniny","tag-othal","tag-prazdniny","tag-skola","tag-znamky"],"acf":[],"_links":{"self":[{"href":"https:\/\/othal.de\/cs\/wp-json\/wp\/v2\/posts\/264708","targetHints":{"allow":["GET"]}}],"collection":[{"href":"https:\/\/othal.de\/cs\/wp-json\/wp\/v2\/posts"}],"about":[{"href":"https:\/\/othal.de\/cs\/wp-json\/wp\/v2\/types\/post"}],"author":[{"embeddable":true,"href":"https:\/\/othal.de\/cs\/wp-json\/wp\/v2\/users\/11"}],"replies":[{"embeddable":true,"href":"https:\/\/othal.de\/cs\/wp-json\/wp\/v2\/comments?post=264708"}],"version-history":[{"count":4,"href":"https:\/\/othal.de\/cs\/wp-json\/wp\/v2\/posts\/264708\/revisions"}],"predecessor-version":[{"id":265399,"href":"https:\/\/othal.de\/cs\/wp-json\/wp\/v2\/posts\/264708\/revisions\/265399"}],"wp:featuredmedia":[{"embeddable":true,"href":"https:\/\/othal.de\/cs\/wp-json\/wp\/v2\/media\/264721"}],"wp:attachment":[{"href":"https:\/\/othal.de\/cs\/wp-json\/wp\/v2\/media?parent=264708"}],"wp:term":[{"taxonomy":"category","embeddable":true,"href":"https:\/\/othal.de\/cs\/wp-json\/wp\/v2\/categories?post=264708"},{"taxonomy":"post_tag","embeddable":true,"href":"https:\/\/othal.de\/cs\/wp-json\/wp\/v2\/tags?post=264708"}],"curies":[{"name":"wp","href":"https:\/\/api.w.org\/{rel}","templated":true}]}}